{"id":12754,"date":"2025-02-26T09:48:11","date_gmt":"2025-02-26T14:48:11","guid":{"rendered":"https:\/\/ieclubdeleones.edu.co\/web\/?p=12754"},"modified":"2025-02-26T09:48:11","modified_gmt":"2025-02-26T14:48:11","slug":"rendicion-de-cuentas-vigencia-2024","status":"publish","type":"post","link":"https:\/\/ieclubdeleones.edu.co\/web\/rendicion-de-cuentas-vigencia-2024\/","title":{"rendered":"RENDICI\u00d3N DE CUENTAS VIGENCIA 2024"},"content":{"rendered":"<h1>Rendici\u00f3n de cuentas Colegio Club de Leones Vigencia 2024<\/h1>\n<p>D\u00eda en que se expuso la rendici\u00f3n de cuentas al p\u00fablico, <strong>25 de febrero del 2025<\/strong> en la sede del Escobal.<\/p>\n<p><strong>Presentaci\u00f3n Martes 25 de febrero del 2025:<\/strong><\/p>\n<p data-start=\"86\" data-end=\"342\">Esta presentaci\u00f3n p\u00fablica, realizada en nuestra instituci\u00f3n educativa\u00a0<strong data-start=\"156\" data-end=\"182\">Colegio Club de Leones<\/strong>, sede El Escobal (Cl. 3 No. 4-32, Viejo Escobal), tuvo como objetivo exponer los logros alcanzados durante el a\u00f1o escolar 2024 en cada una de nuestras sedes.<\/p>\n<p data-start=\"344\" data-end=\"683\">Durante el evento, se explic\u00f3 c\u00f3mo se obtuvieron estos resultados, en qu\u00e9 se destinaron los recursos econ\u00f3micos, c\u00f3mo se gestionaron los gastos, as\u00ed como los detalles sobre la administraci\u00f3n de pagos y contratos. Adem\u00e1s, se presentaron los balances del sector educativo y las proyecciones a futuro para el desarrollo del establecimiento.<\/p>\n<p><strong>Rector:<\/strong> Mg. Pablo Emilio Rincon Martinez<\/p>\n<p><strong>Coordinadores:<\/strong><\/p>\n<ol>\n<li>Dra. JACQUELINE RANGEL PEREIRA , Sede El Escobal e Integrado Bocono N\u00ba 2<\/li>\n<li>Dra. ANA MIRIA SANGUINO VELANDIA, Sede Central Jornada Ma\u00f1ana<\/li>\n<li>Dra. YESMIN CAROLINA VARGAS PE\u00d1ALOZA, Sede Central Tarde<\/li>\n<li>Mg. CENITH MOLINA VILLALBA, Sede San Juan Bosco y Sede Integrado Bocon\u00f3<\/li>\n<li>Esp. VICTOR\u00a0 ARMANDO PINEDA VILLAMIZAR, Sede Santa Ana y Garc\u00eda Herreros.<\/li>\n<\/ol>\n<p><img loading=\"lazy\" decoding=\"async\" class=\" wp-image-12758\" src=\"https:\/\/ieclubdeleones.edu.co\/web\/wp-content\/uploads\/2025\/02\/013-300x169.png\" alt=\"RENDICION DE CUENTAS COLEGIO CLUB DE LEONES 2024 2\" width=\"704\" height=\"397\" srcset=\"https:\/\/ieclubdeleones.edu.co\/web\/wp-content\/uploads\/2025\/02\/013-300x169.png 300w, https:\/\/ieclubdeleones.edu.co\/web\/wp-content\/uploads\/2025\/02\/013-1024x576.png 1024w, https:\/\/ieclubdeleones.edu.co\/web\/wp-content\/uploads\/2025\/02\/013-768x432.png 768w, https:\/\/ieclubdeleones.edu.co\/web\/wp-content\/uploads\/2025\/02\/013-1536x864.png 1536w, https:\/\/ieclubdeleones.edu.co\/web\/wp-content\/uploads\/2025\/02\/013.png 1920w\" sizes=\"auto, (max-width: 704px) 100vw, 704px\" \/><\/p>\n<p><strong>Objetivos de la rendici\u00f3n de cuentas:<\/strong><\/p>\n<ol>\n<li>Fortalecer la rendici\u00f3n de cuentas para lograr seguimiento y evaluaci\u00f3n ciudadana usando lineamientos, actores, mecanismos, procesos y herramientas.<\/li>\n<li>Incentivar la transparencia de las entidades del estado y el derecho a la informaci\u00f3n p\u00fablica de los ciudadanos.<\/li>\n<li>Generar escenarios de di\u00e1logo, mecanismos, procesos y herramientas, para promover la participaci\u00f3n y movilizaci\u00f3n social frente a la rendici\u00f3n de cuentas.<\/li>\n<li>Incentivar la producci\u00f3n publicaci\u00f3n, intercambio y aprovechamiento de informaci\u00f3n clara y pertinente para los ejercicios de rendici\u00f3n de cuentas, de acuerdo con las necesidades de la ciudadan\u00eda.<\/li>\n<li>Armonizar los compromisos institucionales que quedan despu\u00e9s de la rendici\u00f3n de cuentas.<\/li>\n<li>Impulsar estrategias que generen soluciones a los problemas y desaf\u00edos pendientes.<\/li>\n<li>Evaluar y hacer seguimiento a los resultados de la rendici\u00f3n de cuentas<\/li>\n<\/ol>\n<p data-start=\"344\" data-end=\"683\">A continuaci\u00f3n pueden descargar y tener acceso al documento expuesto por nuestros directivos en la rendici\u00f3n de cuentas vigencia 2024.<\/p>\n","protected":false},"excerpt":{"rendered":"<p>Rendici\u00f3n de cuentas Colegio Club de Leones Vigencia 2024 D\u00eda en que se expuso la rendici\u00f3n de cuentas al p\u00fablico, 25 de febrero del 2025 en la sede del Escobal. Presentaci\u00f3n Martes 25 de febrero del 2025: Esta presentaci\u00f3n p\u00fablica, &hellip; <\/p>\n","protected":false},"author":5,"featured_media":12757,"comment_status":"closed","ping_status":"closed","sticky":false,"template":"","format":"standard","meta":{"footnotes":""},"categories":[3467],"tags":[],"class_list":["post-12754","post","type-post","status-publish","format-standard","has-post-thumbnail","hentry","category-noticias"],"_links":{"self":[{"href":"https:\/\/ieclubdeleones.edu.co\/web\/wp-json\/wp\/v2\/posts\/12754","targetHints":{"allow":["GET"]}}],"collection":[{"href":"https:\/\/ieclubdeleones.edu.co\/web\/wp-json\/wp\/v2\/posts"}],"about":[{"href":"https:\/\/ieclubdeleones.edu.co\/web\/wp-json\/wp\/v2\/types\/post"}],"author":[{"embeddable":true,"href":"https:\/\/ieclubdeleones.edu.co\/web\/wp-json\/wp\/v2\/users\/5"}],"replies":[{"embeddable":true,"href":"https:\/\/ieclubdeleones.edu.co\/web\/wp-json\/wp\/v2\/comments?post=12754"}],"version-history":[{"count":4,"href":"https:\/\/ieclubdeleones.edu.co\/web\/wp-json\/wp\/v2\/posts\/12754\/revisions"}],"predecessor-version":[{"id":12761,"href":"https:\/\/ieclubdeleones.edu.co\/web\/wp-json\/wp\/v2\/posts\/12754\/revisions\/12761"}],"wp:featuredmedia":[{"embeddable":true,"href":"https:\/\/ieclubdeleones.edu.co\/web\/wp-json\/wp\/v2\/media\/12757"}],"wp:attachment":[{"href":"https:\/\/ieclubdeleones.edu.co\/web\/wp-json\/wp\/v2\/media?parent=12754"}],"wp:term":[{"taxonomy":"category","embeddable":true,"href":"https:\/\/ieclubdeleones.edu.co\/web\/wp-json\/wp\/v2\/categories?post=12754"},{"taxonomy":"post_tag","embeddable":true,"href":"https:\/\/ieclubdeleones.edu.co\/web\/wp-json\/wp\/v2\/tags?post=12754"}],"curies":[{"name":"wp","href":"https:\/\/api.w.org\/{rel}","templated":true}]}}